{"id":1833,"date":"2023-07-13T16:04:00","date_gmt":"2023-07-13T16:04:00","guid":{"rendered":"https:\/\/paralel.civicultura.ro\/ruta-edgar-2\/"},"modified":"2025-09-24T11:35:17","modified_gmt":"2025-09-24T11:35:17","slug":"ruta-edgar","status":"publish","type":"post","link":"https:\/\/orasulparalel.ro\/de\/ruta-edgar\/","title":{"rendered":"DIE EDGAR-ROUTE"},"content":{"rendered":"<div class=\"xs_social_share_widget xs_share_url after_content \t\tmain_content  wslu-style-1 wslu-share-box-shaped wslu-fill-colored wslu-none wslu-share-horizontal wslu-theme-font-no wslu-main_content\">\n\n\t\t\n        <ul>\n\t\t\t        <\/ul>\n    <\/div>","protected":false},"excerpt":{"rendered":"<p>Helfen Sie dem verdeckten Ermittler EDG\u00c1R, die von seiner Station verschwundene Nebelbeute wiederzufinden. Seine Ermittlungen f\u00fchrten ihn zu der geheimen Party, die Lela veranstaltete. Sie k\u00f6nnen Edgar auch in der Parallelstadt treffen: Iosefin, Viki-Route. 15 Pl\u00e4tze verf\u00fcgbar. Ausgangspunkt: Petre-R\u00e2mnean\u021bu-Stra\u00dfe, Ecke Ioan-Curea-Stra\u00dfe (ASPC-Geb\u00e4ude). Die Route ist auf Ungarisch verf\u00fcgbar, mit einer kurzen \u00dcbersetzung auf Rum\u00e4nisch und Englisch.<\/p>","protected":false},"author":1,"featured_media":2792,"comment_status":"closed","ping_status":"closed","sticky":false,"template":"","format":"standard","meta":{"postBodyCss":"","postBodyMargin":[],"postBodyPadding":[],"postBodyBackground":{"backgroundType":"classic","gradient":""},"footnotes":""},"categories":[29,30],"tags":[],"class_list":["post-1833","post","type-post","status-publish","format-standard","has-post-thumbnail","hentry","category-elisabetin","category-ruta-edgar"],"yoast_head":"<!-- This site is optimized with the Yoast SEO Premium plugin v20.7 (Yoast SEO v20.7) - https:\/\/yoast.com\/wordpress\/plugins\/seo\/ -->\n<title>RUTA EDG\u00c1R - Ora\u0219ul Paralel<\/title>\n<meta name=\"robots\" content=\"index, follow, max-snippet:-1, max-image-preview:large, max-video-preview:-1\" \/>\n<link rel=\"canonical\" href=\"https:\/\/orasulparalel.ro\/de\/ruta-edgar\/\" \/>\n<meta property=\"og:locale\" content=\"de_DE\" \/>\n<meta property=\"og:type\" content=\"article\" \/>\n<meta property=\"og:title\" content=\"RUTA EDG\u00c1R - Ora\u0219ul Paralel\" \/>\n<meta property=\"og:description\" content=\"Ajut\u0103-l pe colonelul sub acoperire EDG\u00c1R s\u0103 recupereze captura de Mist care i-a disp\u0103rut din sec\u021bie. Investiga\u021bia lui l-a condus la secret party-ul dat de Lela. Pe Edg\u00e1r \u00eel po\u021bi vedea \u0219i \u00een Ora\u0219ul Paralel: Iosefin, Ruta Viki. 15 locuri disponibile. Loc de \u00eencepere: str. Petre R\u00e2mnean\u021bu col\u021b cu Str. Ioan Curea (cl\u0103direa ASPC). Ruta este disponibil\u0103 \u00een maghiar\u0103, cu traducere rezumat\u0103 \u00een rom\u00e2n\u0103 \u0219i englez\u0103.\" \/>\n<meta property=\"og:url\" content=\"https:\/\/orasulparalel.ro\/de\/ruta-edgar\/\" \/>\n<meta property=\"og:site_name\" content=\"Ora\u0219ul Paralel\" \/>\n<meta property=\"article:publisher\" content=\"https:\/\/www.facebook.com\/orasulparaleltimisoara\" \/>\n<meta property=\"article:published_time\" content=\"2023-07-13T16:04:00+00:00\" \/>\n<meta property=\"article:modified_time\" content=\"2025-09-24T11:35:17+00:00\" \/>\n<meta property=\"og:image\" content=\"https:\/\/orasulparalel.ro\/wp-content\/uploads\/2023\/09\/AFIS-EDGAR2_SEP2023-scaled.jpg\" \/>\n\t<meta property=\"og:image:width\" content=\"1815\" \/>\n\t<meta property=\"og:image:height\" content=\"2560\" \/>\n\t<meta property=\"og:image:type\" content=\"image\/jpeg\" \/>\n<meta name=\"author\" content=\"andrei-admin\" \/>\n<meta name=\"twitter:card\" content=\"summary_large_image\" \/>\n<meta name=\"twitter:label1\" content=\"Verfasst von\" \/>\n\t<meta name=\"twitter:data1\" content=\"andrei-admin\" \/>\n<script type=\"application\/ld+json\" class=\"yoast-schema-graph\">{\"@context\":\"https:\/\/schema.org\",\"@graph\":[{\"@type\":\"Article\",\"@id\":\"https:\/\/orasulparalel.ro\/ruta-edgar\/#article\",\"isPartOf\":{\"@id\":\"https:\/\/orasulparalel.ro\/ruta-edgar\/\"},\"author\":{\"name\":\"andrei-admin\",\"@id\":\"https:\/\/orasulparalel.ro\/#\/schema\/person\/f367feb462f127418aee1a160325c1cf\"},\"headline\":\"RUTA EDG\u00c1R\",\"datePublished\":\"2023-07-13T16:04:00+00:00\",\"dateModified\":\"2025-09-24T11:35:17+00:00\",\"mainEntityOfPage\":{\"@id\":\"https:\/\/orasulparalel.ro\/ruta-edgar\/\"},\"wordCount\":3,\"publisher\":{\"@id\":\"https:\/\/orasulparalel.ro\/#organization\"},\"articleSection\":[\"elisabetin\",\"ruta edgar\"],\"inLanguage\":\"de\"},{\"@type\":\"WebPage\",\"@id\":\"https:\/\/orasulparalel.ro\/ruta-edgar\/\",\"url\":\"https:\/\/orasulparalel.ro\/ruta-edgar\/\",\"name\":\"RUTA EDG\u00c1R - Ora\u0219ul Paralel\",\"isPartOf\":{\"@id\":\"https:\/\/orasulparalel.ro\/#website\"},\"datePublished\":\"2023-07-13T16:04:00+00:00\",\"dateModified\":\"2025-09-24T11:35:17+00:00\",\"breadcrumb\":{\"@id\":\"https:\/\/orasulparalel.ro\/ruta-edgar\/#breadcrumb\"},\"inLanguage\":\"de\",\"potentialAction\":[{\"@type\":\"ReadAction\",\"target\":[\"https:\/\/orasulparalel.ro\/ruta-edgar\/\"]}]},{\"@type\":\"BreadcrumbList\",\"@id\":\"https:\/\/orasulparalel.ro\/ruta-edgar\/#breadcrumb\",\"itemListElement\":[{\"@type\":\"ListItem\",\"position\":1,\"name\":\"Acas\u0103\",\"item\":\"https:\/\/orasulparalel.ro\/\"},{\"@type\":\"ListItem\",\"position\":2,\"name\":\"RUTA EDG\u00c1R\"}]},{\"@type\":\"WebSite\",\"@id\":\"https:\/\/orasulparalel.ro\/#website\",\"url\":\"https:\/\/orasulparalel.ro\/\",\"name\":\"Ora\u0219ul Paralel\",\"description\":\"Spectacol imersiv\",\"publisher\":{\"@id\":\"https:\/\/orasulparalel.ro\/#organization\"},\"potentialAction\":[{\"@type\":\"SearchAction\",\"target\":{\"@type\":\"EntryPoint\",\"urlTemplate\":\"https:\/\/orasulparalel.ro\/?s={search_term_string}\"},\"query-input\":\"required name=search_term_string\"}],\"inLanguage\":\"de\"},{\"@type\":\"Organization\",\"@id\":\"https:\/\/orasulparalel.ro\/#organization\",\"name\":\"Ora\u0219ul Paralel\",\"alternateName\":\"OP\",\"url\":\"https:\/\/orasulparalel.ro\/\",\"logo\":{\"@type\":\"ImageObject\",\"inLanguage\":\"de\",\"@id\":\"https:\/\/orasulparalel.ro\/#\/schema\/logo\/image\/\",\"url\":\"https:\/\/orasulparalel.ro\/wp-content\/uploads\/2023\/06\/logo.png\",\"contentUrl\":\"https:\/\/orasulparalel.ro\/wp-content\/uploads\/2023\/06\/logo.png\",\"width\":300,\"height\":200,\"caption\":\"Ora\u0219ul Paralel\"},\"image\":{\"@id\":\"https:\/\/orasulparalel.ro\/#\/schema\/logo\/image\/\"},\"sameAs\":[\"https:\/\/www.facebook.com\/orasulparaleltimisoara\",\"https:\/\/www.instagram.com\/orasulparalel\/\",\"http:\/\/www.tiktok.com\/@orasulparelel0\",\"https:\/\/www.youtube.com\/@CiviCultura\"]},{\"@type\":\"Person\",\"@id\":\"https:\/\/orasulparalel.ro\/#\/schema\/person\/f367feb462f127418aee1a160325c1cf\",\"name\":\"andrei-admin\",\"image\":{\"@type\":\"ImageObject\",\"inLanguage\":\"de\",\"@id\":\"https:\/\/orasulparalel.ro\/#\/schema\/person\/image\/\",\"url\":\"https:\/\/secure.gravatar.com\/avatar\/18a88eff6eac8ebd45ac3451ec2c60695d614ed9cbe7b56175d76aa780841146?s=96&d=mm&r=g\",\"contentUrl\":\"https:\/\/secure.gravatar.com\/avatar\/18a88eff6eac8ebd45ac3451ec2c60695d614ed9cbe7b56175d76aa780841146?s=96&d=mm&r=g\",\"caption\":\"andrei-admin\"},\"url\":\"https:\/\/orasulparalel.ro\/de\/author\/andrei-admin\/\"}]}<\/script>\n<!-- \/ Yoast SEO Premium plugin. -->","yoast_head_json":{"title":"RUTA EDG\u00c1R - Ora\u0219ul Paralel","robots":{"index":"index","follow":"follow","max-snippet":"max-snippet:-1","max-image-preview":"max-image-preview:large","max-video-preview":"max-video-preview:-1"},"canonical":"https:\/\/orasulparalel.ro\/de\/ruta-edgar\/","og_locale":"de_DE","og_type":"article","og_title":"RUTA EDG\u00c1R - Ora\u0219ul Paralel","og_description":"Ajut\u0103-l pe colonelul sub acoperire EDG\u00c1R s\u0103 recupereze captura de Mist care i-a disp\u0103rut din sec\u021bie. Investiga\u021bia lui l-a condus la secret party-ul dat de Lela. Pe Edg\u00e1r \u00eel po\u021bi vedea \u0219i \u00een Ora\u0219ul Paralel: Iosefin, Ruta Viki. 15 locuri disponibile. Loc de \u00eencepere: str. Petre R\u00e2mnean\u021bu col\u021b cu Str. Ioan Curea (cl\u0103direa ASPC). Ruta este disponibil\u0103 \u00een maghiar\u0103, cu traducere rezumat\u0103 \u00een rom\u00e2n\u0103 \u0219i englez\u0103.","og_url":"https:\/\/orasulparalel.ro\/de\/ruta-edgar\/","og_site_name":"Ora\u0219ul Paralel","article_publisher":"https:\/\/www.facebook.com\/orasulparaleltimisoara","article_published_time":"2023-07-13T16:04:00+00:00","article_modified_time":"2025-09-24T11:35:17+00:00","og_image":[{"width":1815,"height":2560,"url":"https:\/\/orasulparalel.ro\/wp-content\/uploads\/2023\/09\/AFIS-EDGAR2_SEP2023-scaled.jpg","type":"image\/jpeg"}],"author":"andrei-admin","twitter_card":"summary_large_image","twitter_misc":{"Verfasst von":"andrei-admin"},"schema":{"@context":"https:\/\/schema.org","@graph":[{"@type":"Article","@id":"https:\/\/orasulparalel.ro\/ruta-edgar\/#article","isPartOf":{"@id":"https:\/\/orasulparalel.ro\/ruta-edgar\/"},"author":{"name":"andrei-admin","@id":"https:\/\/orasulparalel.ro\/#\/schema\/person\/f367feb462f127418aee1a160325c1cf"},"headline":"RUTA EDG\u00c1R","datePublished":"2023-07-13T16:04:00+00:00","dateModified":"2025-09-24T11:35:17+00:00","mainEntityOfPage":{"@id":"https:\/\/orasulparalel.ro\/ruta-edgar\/"},"wordCount":3,"publisher":{"@id":"https:\/\/orasulparalel.ro\/#organization"},"articleSection":["elisabetin","ruta edgar"],"inLanguage":"de"},{"@type":"WebPage","@id":"https:\/\/orasulparalel.ro\/ruta-edgar\/","url":"https:\/\/orasulparalel.ro\/ruta-edgar\/","name":"RUTA EDG\u00c1R - Ora\u0219ul Paralel","isPartOf":{"@id":"https:\/\/orasulparalel.ro\/#website"},"datePublished":"2023-07-13T16:04:00+00:00","dateModified":"2025-09-24T11:35:17+00:00","breadcrumb":{"@id":"https:\/\/orasulparalel.ro\/ruta-edgar\/#breadcrumb"},"inLanguage":"de","potentialAction":[{"@type":"ReadAction","target":["https:\/\/orasulparalel.ro\/ruta-edgar\/"]}]},{"@type":"BreadcrumbList","@id":"https:\/\/orasulparalel.ro\/ruta-edgar\/#breadcrumb","itemListElement":[{"@type":"ListItem","position":1,"name":"Acas\u0103","item":"https:\/\/orasulparalel.ro\/"},{"@type":"ListItem","position":2,"name":"RUTA EDG\u00c1R"}]},{"@type":"WebSite","@id":"https:\/\/orasulparalel.ro\/#website","url":"https:\/\/orasulparalel.ro\/","name":"Ora\u0219ul Paralel","description":"Spectacol imersiv","publisher":{"@id":"https:\/\/orasulparalel.ro\/#organization"},"potentialAction":[{"@type":"SearchAction","target":{"@type":"EntryPoint","urlTemplate":"https:\/\/orasulparalel.ro\/?s={search_term_string}"},"query-input":"required name=search_term_string"}],"inLanguage":"de"},{"@type":"Organization","@id":"https:\/\/orasulparalel.ro\/#organization","name":"Ora\u0219ul Paralel","alternateName":"OP","url":"https:\/\/orasulparalel.ro\/","logo":{"@type":"ImageObject","inLanguage":"de","@id":"https:\/\/orasulparalel.ro\/#\/schema\/logo\/image\/","url":"https:\/\/orasulparalel.ro\/wp-content\/uploads\/2023\/06\/logo.png","contentUrl":"https:\/\/orasulparalel.ro\/wp-content\/uploads\/2023\/06\/logo.png","width":300,"height":200,"caption":"Ora\u0219ul Paralel"},"image":{"@id":"https:\/\/orasulparalel.ro\/#\/schema\/logo\/image\/"},"sameAs":["https:\/\/www.facebook.com\/orasulparaleltimisoara","https:\/\/www.instagram.com\/orasulparalel\/","http:\/\/www.tiktok.com\/@orasulparelel0","https:\/\/www.youtube.com\/@CiviCultura"]},{"@type":"Person","@id":"https:\/\/orasulparalel.ro\/#\/schema\/person\/f367feb462f127418aee1a160325c1cf","name":"andrei-admin","image":{"@type":"ImageObject","inLanguage":"de","@id":"https:\/\/orasulparalel.ro\/#\/schema\/person\/image\/","url":"https:\/\/secure.gravatar.com\/avatar\/18a88eff6eac8ebd45ac3451ec2c60695d614ed9cbe7b56175d76aa780841146?s=96&d=mm&r=g","contentUrl":"https:\/\/secure.gravatar.com\/avatar\/18a88eff6eac8ebd45ac3451ec2c60695d614ed9cbe7b56175d76aa780841146?s=96&d=mm&r=g","caption":"andrei-admin"},"url":"https:\/\/orasulparalel.ro\/de\/author\/andrei-admin\/"}]}},"_links":{"self":[{"href":"https:\/\/orasulparalel.ro\/de\/wp-json\/wp\/v2\/posts\/1833","targetHints":{"allow":["GET"]}}],"collection":[{"href":"https:\/\/orasulparalel.ro\/de\/wp-json\/wp\/v2\/posts"}],"about":[{"href":"https:\/\/orasulparalel.ro\/de\/wp-json\/wp\/v2\/types\/post"}],"author":[{"embeddable":true,"href":"https:\/\/orasulparalel.ro\/de\/wp-json\/wp\/v2\/users\/1"}],"replies":[{"embeddable":true,"href":"https:\/\/orasulparalel.ro\/de\/wp-json\/wp\/v2\/comments?post=1833"}],"version-history":[{"count":3,"href":"https:\/\/orasulparalel.ro\/de\/wp-json\/wp\/v2\/posts\/1833\/revisions"}],"predecessor-version":[{"id":2962,"href":"https:\/\/orasulparalel.ro\/de\/wp-json\/wp\/v2\/posts\/1833\/revisions\/2962"}],"wp:featuredmedia":[{"embeddable":true,"href":"https:\/\/orasulparalel.ro\/de\/wp-json\/wp\/v2\/media\/2792"}],"wp:attachment":[{"href":"https:\/\/orasulparalel.ro\/de\/wp-json\/wp\/v2\/media?parent=1833"}],"wp:term":[{"taxonomy":"category","embeddable":true,"href":"https:\/\/orasulparalel.ro\/de\/wp-json\/wp\/v2\/categories?post=1833"},{"taxonomy":"post_tag","embeddable":true,"href":"https:\/\/orasulparalel.ro\/de\/wp-json\/wp\/v2\/tags?post=1833"}],"curies":[{"name":"wp","href":"https:\/\/api.w.org\/{rel}","templated":true}]}}